{"id":415,"date":"2020-03-12T12:33:29","date_gmt":"2020-03-12T12:33:29","guid":{"rendered":"http:\/\/emte.hu\/?p=415"},"modified":"2021-02-12T17:51:54","modified_gmt":"2021-02-12T17:51:54","slug":"kohezios-politika-a-regiok-egyenlosegeert-es-a-regionalis-kulturak-fenntarthatosagaert","status":"publish","type":"post","link":"https:\/\/emte.hu\/index.php\/2020\/03\/12\/kohezios-politika-a-regiok-egyenlosegeert-es-a-regionalis-kulturak-fenntarthatosagaert\/","title":{"rendered":"Koh\u00e9zi\u00f3s politika a r\u00e9gi\u00f3k egyenl\u0151s\u00e9g\u00e9\u00e9rt \u00e9s a region\u00e1lis kult\u00far\u00e1k fenntarthat\u00f3s\u00e1g\u00e1\u00e9rt"},"content":{"rendered":"\n<p><a href=\"https:\/\/eci.ec.europa.eu\/010\/public\/#\/initiative\">Al\u00e1\u00edr\u00e1s lehet\u0151s\u00e9g az interneten<\/a>(kattintson a k\u00e9pre)<br><\/p>\n\n\n\n<figure class=\"wp-block-image size-large\"><a href=\"https:\/\/eci.ec.europa.eu\/010\/public\/#\/initiative\"><img loading=\"lazy\" decoding=\"async\" width=\"679\" height=\"960\" src=\"http:\/\/emte.hu\/wp-content\/uploads\/2020\/03\/emtealairas-1.jpg\" alt=\"\" class=\"wp-image-417\" srcset=\"https:\/\/emte.hu\/wp-content\/uploads\/2020\/03\/emtealairas-1.jpg 679w, https:\/\/emte.hu\/wp-content\/uploads\/2020\/03\/emtealairas-1-212x300.jpg 212w\" sizes=\"auto, (max-width: 679px) 100vw, 679px\" \/><\/a><\/figure>\n","protected":false},"excerpt":{"rendered":"<p>Al\u00e1\u00edr\u00e1s lehet\u0151s\u00e9g az interneten(kattintson a k\u00e9pre)<\/p>\n","protected":false},"author":1,"featured_media":417,"comment_status":"open","ping_status":"open","sticky":false,"template":"","format":"standard","meta":{"footnotes":""},"categories":[1],"tags":[],"class_list":["post-415","post","type-post","status-publish","format-standard","has-post-thumbnail","hentry","category-egyeb"],"_links":{"self":[{"href":"https:\/\/emte.hu\/index.php\/wp-json\/wp\/v2\/posts\/415","targetHints":{"allow":["GET"]}}],"collection":[{"href":"https:\/\/emte.hu\/index.php\/wp-json\/wp\/v2\/posts"}],"about":[{"href":"https:\/\/emte.hu\/index.php\/wp-json\/wp\/v2\/types\/post"}],"author":[{"embeddable":true,"href":"https:\/\/emte.hu\/index.php\/wp-json\/wp\/v2\/users\/1"}],"replies":[{"embeddable":true,"href":"https:\/\/emte.hu\/index.php\/wp-json\/wp\/v2\/comments?post=415"}],"version-history":[{"count":3,"href":"https:\/\/emte.hu\/index.php\/wp-json\/wp\/v2\/posts\/415\/revisions"}],"predecessor-version":[{"id":421,"href":"https:\/\/emte.hu\/index.php\/wp-json\/wp\/v2\/posts\/415\/revisions\/421"}],"wp:featuredmedia":[{"embeddable":true,"href":"https:\/\/emte.hu\/index.php\/wp-json\/wp\/v2\/media\/417"}],"wp:attachment":[{"href":"https:\/\/emte.hu\/index.php\/wp-json\/wp\/v2\/media?parent=415"}],"wp:term":[{"taxonomy":"category","embeddable":true,"href":"https:\/\/emte.hu\/index.php\/wp-json\/wp\/v2\/categories?post=415"},{"taxonomy":"post_tag","embeddable":true,"href":"https:\/\/emte.hu\/index.php\/wp-json\/wp\/v2\/tags?post=415"}],"curies":[{"name":"wp","href":"https:\/\/api.w.org\/{rel}","templated":true}]}}