{"id":342,"date":"2018-03-04T11:32:02","date_gmt":"2018-03-04T11:32:02","guid":{"rendered":"http:\/\/88.99.95.87\/~emtehu\/?p=342"},"modified":"2018-04-06T12:00:04","modified_gmt":"2018-04-06T12:00:04","slug":"342","status":"publish","type":"post","link":"https:\/\/emte.hu\/index.php\/2018\/03\/04\/342\/","title":{"rendered":"Sz\u00e9kely Szabads\u00e1g Napi rendezv\u00e9ny P\u00e9csett"},"content":{"rendered":"<div>P\u00e9csett is lesz m\u00e1rcius 10-\u00e9n Sz\u00e9kely Szabads\u00e1g Napi rendezv\u00e9ny. D\u00e9lel\u0151tt tartjuk, hogy a Ver\u0151f\u00e9ny n\u00e9pt\u00e1nccsoport is fell\u00e9phessen.<br \/>\nF\u0151 szervez\u0151: Stenczer Enik\u0151 az Erd\u00e9lyb\u0151l Elsz\u00e1rmazott Magyarok Klubj\u00e1nak alap\u00edt\u00f3ja \u00e9s vezet\u0151je, valamint az Erd\u00e9lyi Magyarok Tolna Megyei Egyes\u00fclete.<\/div>\n<div class=\"_2-sx\"><img decoding=\"async\" class=\"spotlight\" src=\"https:\/\/scontent-vie1-1.xx.fbcdn.net\/v\/t1.0-9\/28471595_1924127204569543_2362557540248882630_n.jpg?_nc_cat=0&amp;oh=4a145ef49dc3cda7b2cfe4bbd55f53a1&amp;oe=5B66735B\" alt=\"Erd\u00e9lyi Magyarok Tolna Megyei Egyes\u00fclete f\u00e9nyk\u00e9pe.\" aria-busy=\"true\" \/><\/div>\n<div><\/div>\n","protected":false},"excerpt":{"rendered":"<p>P\u00e9csett is lesz m\u00e1rcius 10-\u00e9n Sz\u00e9kely Szabads\u00e1g Napi rendezv\u00e9ny. D\u00e9lel\u0151tt tartjuk, hogy a Ver\u0151f\u00e9ny n\u00e9pt\u00e1nccsoport is fell\u00e9phessen. F\u0151 szervez\u0151: Stenczer Enik\u0151 az Erd\u00e9lyb\u0151l Elsz\u00e1rmazott Magyarok Klubj\u00e1nak alap\u00edt\u00f3ja \u00e9s vezet\u0151je, valamint az Erd\u00e9lyi Magyarok Tolna Megyei Egyes\u00fclete.<\/p>\n","protected":false},"author":1,"featured_media":0,"comment_status":"open","ping_status":"open","sticky":false,"template":"","format":"chat","meta":{"footnotes":""},"categories":[1],"tags":[],"class_list":["post-342","post","type-post","status-publish","format-chat","hentry","category-egyeb","post_format-post-format-chat"],"_links":{"self":[{"href":"https:\/\/emte.hu\/index.php\/wp-json\/wp\/v2\/posts\/342","targetHints":{"allow":["GET"]}}],"collection":[{"href":"https:\/\/emte.hu\/index.php\/wp-json\/wp\/v2\/posts"}],"about":[{"href":"https:\/\/emte.hu\/index.php\/wp-json\/wp\/v2\/types\/post"}],"author":[{"embeddable":true,"href":"https:\/\/emte.hu\/index.php\/wp-json\/wp\/v2\/users\/1"}],"replies":[{"embeddable":true,"href":"https:\/\/emte.hu\/index.php\/wp-json\/wp\/v2\/comments?post=342"}],"version-history":[{"count":3,"href":"https:\/\/emte.hu\/index.php\/wp-json\/wp\/v2\/posts\/342\/revisions"}],"predecessor-version":[{"id":366,"href":"https:\/\/emte.hu\/index.php\/wp-json\/wp\/v2\/posts\/342\/revisions\/366"}],"wp:attachment":[{"href":"https:\/\/emte.hu\/index.php\/wp-json\/wp\/v2\/media?parent=342"}],"wp:term":[{"taxonomy":"category","embeddable":true,"href":"https:\/\/emte.hu\/index.php\/wp-json\/wp\/v2\/categories?post=342"},{"taxonomy":"post_tag","embeddable":true,"href":"https:\/\/emte.hu\/index.php\/wp-json\/wp\/v2\/tags?post=342"}],"curies":[{"name":"wp","href":"https:\/\/api.w.org\/{rel}","templated":true}]}}