{"id":150,"date":"2017-06-13T12:22:25","date_gmt":"2017-06-13T12:22:25","guid":{"rendered":"http:\/\/88.99.95.87\/~emtehu\/?p=150"},"modified":"2017-06-13T12:43:15","modified_gmt":"2017-06-13T12:43:15","slug":"emte-csaladi-nap","status":"publish","type":"post","link":"https:\/\/emte.hu\/index.php\/2017\/06\/13\/emte-csaladi-nap\/","title":{"rendered":"EMTE csal\u00e1di nap"},"content":{"rendered":"<p><span id=\"fbPhotoSnowliftCaption\" class=\"fbPhotosPhotoCaption\" tabindex=\"0\" aria-live=\"polite\" data-ft=\"{&quot;tn&quot;:&quot;K&quot;}\"><span class=\"hasCaption\">V\u00e1runk szeretettel a Csal\u00e1di napunkra. Hozz\u00e1tok a gyerekeket is, z\u00e1rt udvart\u00e9rben, biztons\u00e1gban lesznek. Teniszez\u00e9s, fociz\u00e1s, k\u00e9zm\u0171ves foglalkoz\u00e1s is lefoglalja \u0151ket, am\u00edg mi feln\u0151ttek j\u00f3l megbesz\u00e9lhetj\u00fck k\u00f6z\u00f6s dolgainkat.<br \/>\nK\u00e9r\u00fcnk jelezz\u00e9tek r\u00e9szv\u00e9teli sz\u00e1nd\u00e9kotokat, hogy a teljes l\u00e9tsz\u00e1mra tudjunk felk\u00e9sz\u00fclni.<\/span><\/span><\/p>\n<p><a href=\"https:\/\/scontent-vie1-1.xx.fbcdn.net\/v\/t1.0-9\/19149303_1798113123837619_1202335631434826369_n.jpg?oh=f05315b0065b96ce98c62c6cb685f62f&amp;oe=59DBF22D\"><img loading=\"lazy\" decoding=\"async\" class=\"alignnone size-medium wp-image-151\" src=\"http:\/\/88.99.95.87\/~emtehu\/wp-content\/uploads\/2017\/06\/19149303_1798113123837619_1202335631434826369_n1-212x300.jpg\" alt=\"\" width=\"212\" height=\"300\" srcset=\"https:\/\/emte.hu\/wp-content\/uploads\/2017\/06\/19149303_1798113123837619_1202335631434826369_n1-212x300.jpg 212w, https:\/\/emte.hu\/wp-content\/uploads\/2017\/06\/19149303_1798113123837619_1202335631434826369_n1.jpg 679w\" sizes=\"auto, (max-width: 212px) 100vw, 212px\" \/><\/a><\/p>\n","protected":false},"excerpt":{"rendered":"<p>V\u00e1runk szeretettel a Csal\u00e1di napunkra. Hozz\u00e1tok a gyerekeket is, z\u00e1rt udvart\u00e9rben, biztons\u00e1gban lesznek. Teniszez\u00e9s, fociz\u00e1s, k\u00e9zm\u0171ves foglalkoz\u00e1s is lefoglalja \u0151ket, am\u00edg mi feln\u0151ttek j\u00f3l megbesz\u00e9lhetj\u00fck k\u00f6z\u00f6s dolgainkat. K\u00e9r\u00fcnk jelezz\u00e9tek r\u00e9szv\u00e9teli sz\u00e1nd\u00e9kotokat, hogy a teljes l\u00e9tsz\u00e1mra tudjunk felk\u00e9sz\u00fclni.<\/p>\n","protected":false},"author":1,"featured_media":0,"comment_status":"open","ping_status":"open","sticky":false,"template":"","format":"chat","meta":{"footnotes":""},"categories":[8],"tags":[],"class_list":["post-150","post","type-post","status-publish","format-chat","hentry","category-rendezvenyek","post_format-post-format-chat"],"_links":{"self":[{"href":"https:\/\/emte.hu\/index.php\/wp-json\/wp\/v2\/posts\/150","targetHints":{"allow":["GET"]}}],"collection":[{"href":"https:\/\/emte.hu\/index.php\/wp-json\/wp\/v2\/posts"}],"about":[{"href":"https:\/\/emte.hu\/index.php\/wp-json\/wp\/v2\/types\/post"}],"author":[{"embeddable":true,"href":"https:\/\/emte.hu\/index.php\/wp-json\/wp\/v2\/users\/1"}],"replies":[{"embeddable":true,"href":"https:\/\/emte.hu\/index.php\/wp-json\/wp\/v2\/comments?post=150"}],"version-history":[{"count":2,"href":"https:\/\/emte.hu\/index.php\/wp-json\/wp\/v2\/posts\/150\/revisions"}],"predecessor-version":[{"id":153,"href":"https:\/\/emte.hu\/index.php\/wp-json\/wp\/v2\/posts\/150\/revisions\/153"}],"wp:attachment":[{"href":"https:\/\/emte.hu\/index.php\/wp-json\/wp\/v2\/media?parent=150"}],"wp:term":[{"taxonomy":"category","embeddable":true,"href":"https:\/\/emte.hu\/index.php\/wp-json\/wp\/v2\/categories?post=150"},{"taxonomy":"post_tag","embeddable":true,"href":"https:\/\/emte.hu\/index.php\/wp-json\/wp\/v2\/tags?post=150"}],"curies":[{"name":"wp","href":"https:\/\/api.w.org\/{rel}","templated":true}]}}